{"id":311,"date":"2022-12-31T19:10:49","date_gmt":"2022-12-31T18:10:49","guid":{"rendered":"http:\/\/codetik.org\/toponimia\/?p=311"},"modified":"2023-01-03T18:04:05","modified_gmt":"2023-01-03T17:04:05","slug":"les-laignes","status":"publish","type":"post","link":"http:\/\/codetik.org\/toponimia\/2022\/12\/31\/les-laignes\/","title":{"rendered":"Les Laignes"},"content":{"rendered":"\n<p class=\"has-text-align-center\">Roubia<\/p>\n\n\n\n<p><em>(Las Lenhas en occitan)<\/em><\/p>\n\n\n\n<p>Origine : lenha, bois \u00e0 br\u00fbler (\u00e0 noter qu&rsquo;Andr\u00e9 P\u00e9gorier, dans \u00ab\u00a0Les noms de lieux en France\u00a0\u00bb, note que \u00ab\u00a0laigne\u00a0\u00bb signifie \u00ab\u00a0bois\u00a0\u00bb en ancien fran\u00e7ais).<\/p>\n\n\n\n<p>Ce t\u00e8nement, actuellement plant\u00e9 de vignes, a probablement par le pass\u00e9 \u00e9t\u00e9 couvert de bois.<\/p>\n\n\n\n<p>Le proverbe nous dit&nbsp;:<\/p>\n\n\n\n<p>Lo que se v\u00f2l calfar lo cu\u00e8r<br>Garda sa lenha per l&rsquo;iv\u00e8rn.<br><em>(Celui qui veut se chauffer le cuir garde son bois pour l&rsquo;hiver.)<\/em><\/p>\n\n\n\n<p>Et en Provence on conna\u00eet le dicton&nbsp;:<\/p>\n\n\n\n<p>Quau per Calenda se solelha<br>Per Pascas brutla sa lenha.<br><em>(en fran\u00e7ais No\u00ebl au balcon, P\u00e2ques aux tisons.)<\/em><\/p>\n\n\n\n<p><\/p>\n","protected":false},"excerpt":{"rendered":"<p>Roubia (Las Lenhas en occitan) Origine : lenha, bois \u00e0 br\u00fbler (\u00e0 noter qu&rsquo;Andr\u00e9 P\u00e9gorier, dans \u00ab\u00a0Les noms de lieux en France\u00a0\u00bb, note que \u00ab\u00a0laigne\u00a0\u00bb signifie \u00ab\u00a0bois\u00a0\u00bb en ancien fran\u00e7ais). Ce t\u00e8nement, actuellement plant\u00e9 de vignes, a probablement par le pass\u00e9 \u00e9t\u00e9 couvert de bois. Le proverbe nous dit&nbsp;: Lo que se v\u00f2l calfar lo [&hellip;]<\/p>\n","protected":false},"author":1,"featured_media":0,"comment_status":"closed","ping_status":"closed","sticky":false,"template":"","format":"standard","meta":{"footnotes":""},"categories":[17],"tags":[],"class_list":["post-311","post","type-post","status-publish","format-standard","hentry","category-lieux_dits"],"_links":{"self":[{"href":"http:\/\/codetik.org\/toponimia\/wp-json\/wp\/v2\/posts\/311","targetHints":{"allow":["GET"]}}],"collection":[{"href":"http:\/\/codetik.org\/toponimia\/wp-json\/wp\/v2\/posts"}],"about":[{"href":"http:\/\/codetik.org\/toponimia\/wp-json\/wp\/v2\/types\/post"}],"author":[{"embeddable":true,"href":"http:\/\/codetik.org\/toponimia\/wp-json\/wp\/v2\/users\/1"}],"replies":[{"embeddable":true,"href":"http:\/\/codetik.org\/toponimia\/wp-json\/wp\/v2\/comments?post=311"}],"version-history":[{"count":2,"href":"http:\/\/codetik.org\/toponimia\/wp-json\/wp\/v2\/posts\/311\/revisions"}],"predecessor-version":[{"id":324,"href":"http:\/\/codetik.org\/toponimia\/wp-json\/wp\/v2\/posts\/311\/revisions\/324"}],"wp:attachment":[{"href":"http:\/\/codetik.org\/toponimia\/wp-json\/wp\/v2\/media?parent=311"}],"wp:term":[{"taxonomy":"category","embeddable":true,"href":"http:\/\/codetik.org\/toponimia\/wp-json\/wp\/v2\/categories?post=311"},{"taxonomy":"post_tag","embeddable":true,"href":"http:\/\/codetik.org\/toponimia\/wp-json\/wp\/v2\/tags?post=311"}],"curies":[{"name":"wp","href":"https:\/\/api.w.org\/{rel}","templated":true}]}}