{"id":222,"date":"2022-12-03T19:16:16","date_gmt":"2022-12-03T18:16:16","guid":{"rendered":"http:\/\/codetik.org\/toponimia\/?p=222"},"modified":"2022-12-03T19:16:17","modified_gmt":"2022-12-03T18:16:17","slug":"beaufort","status":"publish","type":"post","link":"http:\/\/codetik.org\/toponimia\/2022\/12\/03\/beaufort\/","title":{"rendered":"Beaufort"},"content":{"rendered":"\n<figure class=\"wp-block-image size-full\"><img loading=\"lazy\" decoding=\"async\" width=\"400\" height=\"219\" src=\"http:\/\/codetik.org\/toponimia\/wp-content\/uploads\/2022\/12\/026_beaufort.jpg\" alt=\"\" class=\"wp-image-124\" srcset=\"http:\/\/codetik.org\/toponimia\/wp-content\/uploads\/2022\/12\/026_beaufort.jpg 400w, http:\/\/codetik.org\/toponimia\/wp-content\/uploads\/2022\/12\/026_beaufort-300x164.jpg 300w\" sizes=\"auto, (max-width: 400px) 100vw, 400px\" \/><figcaption class=\"wp-element-caption\"><em>(<strong>CC BY-NC<\/strong> Yves S\u00e9guier)<\/em><\/figcaption><\/figure>\n\n\n\n<p><em>(Beuf\u00f2rt<\/em> <em>en occitan)<\/em><\/p>\n\n\n\n<h2 class=\"wp-block-heading\">Mentions anciennes<\/h2>\n\n\n\n<ul class=\"wp-block-list\">\n<li>ecclesiam S. Martini de Belloforti (1135)<\/li>\n\n\n\n<li>rector de Belloforti (1357)<\/li>\n\n\n\n<li>Beaufort (1518 et 1770)<\/li>\n<\/ul>\n\n\n\n<p>En occitan, <em>bel fort<\/em> <em>(belle forteresse)<\/em>. <br>Bien d&rsquo;autres toponymes en France ont la m\u00eame origine, dont Belfort.<\/p>\n\n\n\n<p>Proverbe: \u2018<em>A Beuf\u00f2rt lo drech a t\u00f2rt\u2019<\/em> <em>(A Beaufort, le droit a tort)<\/em>. Achard pr\u00e9cise que d&rsquo;apr\u00e8s les habitants, il n&rsquo;a plus cours. Il pourrait puiser son <a href=\"http:\/\/\u2019https:\/\/beaufort34.fr\/fr\/rb\/840764\/chateau-de-beaufort\u2019\" data-type=\"URL\" data-id=\"\u2019https:\/\/beaufort34.fr\/fr\/rb\/840764\/chateau-de-beaufort\u2019\">origine<\/a> dans les nombreux conflits qui oppos\u00e8rent \u00e0 partir de 1750 seigneurs, cur\u00e9s et habitants.<\/p>\n\n\n\n<p>Tout en haut du village se dresse le vieux ch\u00e2teau des 12\u00e8me et 18\u00e8me si\u00e8cles. Il est fort probable, bien qu\u2019aucune preuve arch\u00e9ologique ne le confirme, qu\u2019\u00e0 l\u2019\u00e9poque gallo-romaine, un petit oppidum fortifi\u00e9 occupait le sommet du rocher. Aux temps m\u00e9rovingiens et carolingiens, cette forteresse dut se transformer en s\u2019agrandissant pour s\u2019adapter aux moyens de d\u00e9fense de l\u2019\u00e9poque si bien qu\u2019\u00e0 l\u2019aube du Moyen-Age le qualitatif \u2018Bellum fortis\u2019 est d\u00e9j\u00e0 attribu\u00e9 \u00e0 ce qui va devenir le \u2018Belfort\u2019 des temps f\u00e9odaux.<\/p>\n\n\n\n<p>Vers 1860, le ch\u00e2teau est vendu par la famille d&rsquo;Amieu de Beaufort \u00e0 une famille Merle d&rsquo;Olonzac. Ce qui fait dire par fac\u00e9tie: \u00abBeaufort, beau ch\u00e2teau aux antiques tourelles, autrefois nid d&rsquo;aigle aujourd&rsquo;hui nid de merles.\u00bb <br>En occitan, un merle, c&rsquo;est un homme fin et rus\u00e9 (\u2018<em>es un fin m\u00e8rle<\/em>\u2019). Mais on dit aussi \u2018<em>canta polit m\u00e8rle<\/em>\u2019 <em>(chante beau monsieur)<\/em> ou encore \u2018<em>piaula, m\u00e8rle<\/em>\u2019 <em>(chante toujours tu m&rsquo;int\u00e9resses)<\/em>.<\/p>\n\n\n\n<p> L&rsquo;\u00e9glise Saint Martin, souvent remani\u00e9e, remonte au XIe si\u00e8cle. Saint Martin est le saint patron de nombreux villages du Minervois. Faire \u2018<em>sant martin<\/em> \u2018 (11 novembre) c&rsquo;est boucher les tonneaux et pour l&rsquo;occasion, go\u00fbter le vin nouveau: \u2018<em>Per Sant Martin, tapa las botas tasta lo vin<\/em>\u2019 <em>(ferme les tonneaux et go\u00fbte le vin)<\/em>. <\/p>\n\n\n\n<p>On trouve sur la commune les traces d&rsquo;une chapelle, Saint C\u00f4me, mentionn\u00e9e sur le cadastre de 1812 puis absente apr\u00e8s. L\u2019emplacement de la chapelle Saint C\u00f4me a \u00e9t\u00e9 reconnu en 1973 par M. l\u2019abb\u00e9 Giry, gr\u00e2ce \u00e0 la m\u00e9moire de M. Jean Taffanel, de Mailhac, puis fouill\u00e9 en 1975 par l&rsquo;arch\u00e9ologue Ren\u00e9 Feuillebois. On pense qu&rsquo;un village a exist\u00e9 l\u00e0, peut-\u00eatre wisigoth. Les ruines de la chapelle, aujourd&rsquo;hui d\u00e9gag\u00e9s, font l&rsquo;objet d&rsquo;\u00e9tudes d&rsquo;am\u00e9nagements.<\/p>\n","protected":false},"excerpt":{"rendered":"<p>(Beuf\u00f2rt en occitan) Mentions anciennes En occitan, bel fort (belle forteresse). Bien d&rsquo;autres toponymes en France ont la m\u00eame origine, dont Belfort. Proverbe: \u2018A Beuf\u00f2rt lo drech a t\u00f2rt\u2019 (A Beaufort, le droit a tort). Achard pr\u00e9cise que d&rsquo;apr\u00e8s les habitants, il n&rsquo;a plus cours. Il pourrait puiser son origine dans les nombreux conflits qui [&hellip;]<\/p>\n","protected":false},"author":1,"featured_media":0,"comment_status":"closed","ping_status":"closed","sticky":false,"template":"","format":"standard","meta":{"footnotes":""},"categories":[13],"tags":[],"class_list":["post-222","post","type-post","status-publish","format-standard","hentry","category-villages"],"_links":{"self":[{"href":"http:\/\/codetik.org\/toponimia\/wp-json\/wp\/v2\/posts\/222","targetHints":{"allow":["GET"]}}],"collection":[{"href":"http:\/\/codetik.org\/toponimia\/wp-json\/wp\/v2\/posts"}],"about":[{"href":"http:\/\/codetik.org\/toponimia\/wp-json\/wp\/v2\/types\/post"}],"author":[{"embeddable":true,"href":"http:\/\/codetik.org\/toponimia\/wp-json\/wp\/v2\/users\/1"}],"replies":[{"embeddable":true,"href":"http:\/\/codetik.org\/toponimia\/wp-json\/wp\/v2\/comments?post=222"}],"version-history":[{"count":1,"href":"http:\/\/codetik.org\/toponimia\/wp-json\/wp\/v2\/posts\/222\/revisions"}],"predecessor-version":[{"id":223,"href":"http:\/\/codetik.org\/toponimia\/wp-json\/wp\/v2\/posts\/222\/revisions\/223"}],"wp:attachment":[{"href":"http:\/\/codetik.org\/toponimia\/wp-json\/wp\/v2\/media?parent=222"}],"wp:term":[{"taxonomy":"category","embeddable":true,"href":"http:\/\/codetik.org\/toponimia\/wp-json\/wp\/v2\/categories?post=222"},{"taxonomy":"post_tag","embeddable":true,"href":"http:\/\/codetik.org\/toponimia\/wp-json\/wp\/v2\/tags?post=222"}],"curies":[{"name":"wp","href":"https:\/\/api.w.org\/{rel}","templated":true}]}}