{"id":200,"date":"2022-12-03T18:24:13","date_gmt":"2022-12-03T17:24:13","guid":{"rendered":"http:\/\/codetik.org\/toponimia\/?p=200"},"modified":"2022-12-03T18:24:14","modified_gmt":"2022-12-03T17:24:14","slug":"trausse-minervois","status":"publish","type":"post","link":"http:\/\/codetik.org\/toponimia\/2022\/12\/03\/trausse-minervois\/","title":{"rendered":"Trausse-Minervois"},"content":{"rendered":"\n<figure class=\"wp-block-image size-full\"><img loading=\"lazy\" decoding=\"async\" width=\"300\" height=\"382\" src=\"http:\/\/codetik.org\/toponimia\/wp-content\/uploads\/2022\/12\/017_trausse.jpg\" alt=\"\" class=\"wp-image-115\" srcset=\"http:\/\/codetik.org\/toponimia\/wp-content\/uploads\/2022\/12\/017_trausse.jpg 300w, http:\/\/codetik.org\/toponimia\/wp-content\/uploads\/2022\/12\/017_trausse-236x300.jpg 236w\" sizes=\"auto, (max-width: 300px) 100vw, 300px\" \/><figcaption class=\"wp-element-caption\"><em>(<strong>CC BY-NC<\/strong> Yves S\u00e9guier)<\/em><\/figcaption><\/figure>\n\n\n\n<p><em>(Trau\u00e7an de Menerb\u00e9s<\/em> <em>en occitan)<\/em><\/p>\n\n\n\n<h2 class=\"wp-block-heading\">Mentions anciennes<\/h2>\n\n\n\n<ul class=\"wp-block-list\">\n<li>Villa Tresautani (842)<\/li>\n\n\n\n<li>Trencianum (1142)<\/li>\n\n\n\n<li>Trauzanum (1167) &nbsp;<\/li>\n\n\n\n<li>Traucan (1216)<\/li>\n\n\n\n<li>Traussanum (1245)<\/li>\n\n\n\n<li>Traussan (1595)<\/li>\n\n\n\n<li>Trausse (1781)<\/li>\n<\/ul>\n\n\n\n<p>Origine\u00a0: gentilice latin <strong>Terentius + suffixe -anum<\/strong>. <br>Nous avons affaire une fois de plus, \u00e0 un toponyme issu d&rsquo;un nom romain accol\u00e9 au suffixe -anum, domaine de. Cette hypoth\u00e8se est confirm\u00e9e par l&rsquo;appellation Villa.<\/p>\n\n\n\n<p>Proverbes:<br><em>\u2018A Trausse los sants bufan. \u2018(A Trausse les saints soufflent.)<br>\u2018A Trausse, los auvernhats dison la messa.\u2019 (Les Auvergnats disent la messe.)<\/em><\/p>\n\n\n\n<p>Les habitants de Trausse,<strong> los Traussan\u00e8ls <\/strong>, avaient une r\u00e9putation de na\u00efvet\u00e9,<strong> los abelits<\/strong> de Trausse (les d\u00e9gourdis de Trausse). Dans les villages autour, pour se moquer, on raconte la l\u00e9gende de l&rsquo;\u00e2ne. Sur la tour de Trausse poussait une belle caucida <em>(un chardon)<\/em>. Ratifou le montanh\u00f2l, qui n&rsquo;avait plus rien \u00e0 donner \u00e0 son \u00e2ne, l&rsquo;attacha par le cou avec une corde, lan\u00e7a l&rsquo;autre extr\u00e9mit\u00e9 par-dessus la tour et entreprit de hisser l&rsquo;\u00e2ne en haut du monument afin qu&rsquo;il broute le chardon. Les habitants de Trausse, pr\u00e9venus par sa femme, \u00e9taient venus assister au spectacle; ils disaient en voyant l&rsquo;\u00e2ne tirer la langue: \u00abGaita-lo que ritz, deu aver vist lo cardon\u00bb <em>(Regarde-le qui rit, il doit avoir vu le chardon)<\/em>. Arriv\u00e9e en haut, la pauvre b\u00eate \u00e9tait morte. Les bouteilles de la cave coop\u00e9rative (aujourd&rsquo;hui ferm\u00e9e), portaient sur l&rsquo;\u00e9tiquette l&rsquo;illustration de cette l\u00e9gende. Et les enfants de Calandreta la faisaient revivre pour la f\u00eate de la cerise en faisant monter la repr\u00e9sentation d&rsquo;un \u00e2ne en haut de la tour. Le m\u00eame r\u00e9cit est rapport\u00e9 par L\u00e9on Cordes (<em>L&rsquo;ase montat al cloqui\u00e8r<\/em>) dans <em>Lo pich\u00f2t libre de Menerba<\/em> mais sans citer le village de Trausse.<\/p>\n\n\n\n<p>La commune est c\u00e9l\u00e8bre pour sa f\u00eate annuelle de la cerise (la ceri\u00e8ra), en mai. Apr\u00e8s un effort ou sous l&rsquo;effet du regard des autres, on devient \u2018roge coma una ceri\u00e8ra o coma un guindol&rsquo; <em>(rouge comme une cerise ou une guigne)<\/em>. Et quand on vit dans l&rsquo;exc\u00e8s, on dit: \u2018Quand los p\u00f2rcs son sadolhs, las ceri\u00e8ras son amargas\u2019 <em>(Quand les cochons sont repus, les cerises sont am\u00e8res.)<\/em>. Vous n\u2019\u00eates pas oblig\u00e9s de croire ce que j&rsquo;\u00e9cris. On peut m\u00eame me dire: \u2018<em>s&rsquo;aqu\u00f2 es vertat, te pagui de ceri\u00e8ras<\/em>\u2019 <em>(si c&rsquo;est vrai, je te paie des cerises)<\/em>.<br>.<em>\u00d2c, mas de ceri\u00e8ras de Trausse, siopl\u00e8t !<\/em><\/p>\n","protected":false},"excerpt":{"rendered":"<p>(Trau\u00e7an de Menerb\u00e9s en occitan) Mentions anciennes Origine\u00a0: gentilice latin Terentius + suffixe -anum. Nous avons affaire une fois de plus, \u00e0 un toponyme issu d&rsquo;un nom romain accol\u00e9 au suffixe -anum, domaine de. Cette hypoth\u00e8se est confirm\u00e9e par l&rsquo;appellation Villa. Proverbes:\u2018A Trausse los sants bufan. \u2018(A Trausse les saints soufflent.)\u2018A Trausse, los auvernhats dison [&hellip;]<\/p>\n","protected":false},"author":1,"featured_media":0,"comment_status":"closed","ping_status":"closed","sticky":false,"template":"","format":"standard","meta":{"footnotes":""},"categories":[13],"tags":[],"class_list":["post-200","post","type-post","status-publish","format-standard","hentry","category-villages"],"_links":{"self":[{"href":"http:\/\/codetik.org\/toponimia\/wp-json\/wp\/v2\/posts\/200","targetHints":{"allow":["GET"]}}],"collection":[{"href":"http:\/\/codetik.org\/toponimia\/wp-json\/wp\/v2\/posts"}],"about":[{"href":"http:\/\/codetik.org\/toponimia\/wp-json\/wp\/v2\/types\/post"}],"author":[{"embeddable":true,"href":"http:\/\/codetik.org\/toponimia\/wp-json\/wp\/v2\/users\/1"}],"replies":[{"embeddable":true,"href":"http:\/\/codetik.org\/toponimia\/wp-json\/wp\/v2\/comments?post=200"}],"version-history":[{"count":1,"href":"http:\/\/codetik.org\/toponimia\/wp-json\/wp\/v2\/posts\/200\/revisions"}],"predecessor-version":[{"id":201,"href":"http:\/\/codetik.org\/toponimia\/wp-json\/wp\/v2\/posts\/200\/revisions\/201"}],"wp:attachment":[{"href":"http:\/\/codetik.org\/toponimia\/wp-json\/wp\/v2\/media?parent=200"}],"wp:term":[{"taxonomy":"category","embeddable":true,"href":"http:\/\/codetik.org\/toponimia\/wp-json\/wp\/v2\/categories?post=200"},{"taxonomy":"post_tag","embeddable":true,"href":"http:\/\/codetik.org\/toponimia\/wp-json\/wp\/v2\/tags?post=200"}],"curies":[{"name":"wp","href":"https:\/\/api.w.org\/{rel}","templated":true}]}}