{"id":191,"date":"2022-12-03T16:55:10","date_gmt":"2022-12-03T15:55:10","guid":{"rendered":"http:\/\/codetik.org\/toponimia\/?p=191"},"modified":"2023-01-03T18:16:15","modified_gmt":"2023-01-03T17:16:15","slug":"dolmen-des-fades","status":"publish","type":"post","link":"http:\/\/codetik.org\/toponimia\/2022\/12\/03\/dolmen-des-fades\/","title":{"rendered":"Dolmen des Fades"},"content":{"rendered":"\n<p class=\"has-text-align-center\">P\u00e9pieux<\/p>\n\n\n\n<figure class=\"wp-block-image size-full\"><img loading=\"lazy\" decoding=\"async\" width=\"430\" height=\"242\" src=\"http:\/\/codetik.org\/toponimia\/wp-content\/uploads\/2022\/12\/00401_pepieux_fades.jpg\" alt=\"\" class=\"wp-image-178\" srcset=\"http:\/\/codetik.org\/toponimia\/wp-content\/uploads\/2022\/12\/00401_pepieux_fades.jpg 430w, http:\/\/codetik.org\/toponimia\/wp-content\/uploads\/2022\/12\/00401_pepieux_fades-300x169.jpg 300w\" sizes=\"auto, (max-width: 430px) 100vw, 430px\" \/><figcaption class=\"wp-element-caption\"><em>(<strong>CC BY-NC<\/strong> Yves S\u00e9guier)<\/em><\/figcaption><\/figure>\n\n\n\n<p><em>(Dolmen de las Fadas en occitan)<\/em><\/p>\n\n\n\n<p>Il est aussi appel\u00e9 &lsquo;<strong>Morr\u00e8l de las fadas<\/strong>&lsquo;, de morr\u00e8l (petite \u00e9minence, mamelon) e fadas, f\u00e9es. On le nomme \u00e9galement Palet de Roland (le neveu de Charlemagne y aurait laiss\u00e9 l&#8217;empreinte de sa main).<\/p>\n\n\n\n<p>Les f\u00e9es sont tr\u00e8s pr\u00e9sentes dans le l\u00e9gendaire audois, prenant parfois le nom de &lsquo;Mitonas&rsquo;. D&rsquo;une fille qui parle bien, on dit d&rsquo;elle &lsquo;parla coma una fada&rsquo;, et d&rsquo;un travail bien fait &lsquo;sembla que las fadas i an mes la man&rsquo; (<em>on dirait que les f\u00e9es y ont mis la main<\/em>). Quant \u00e0 celui qu&rsquo;une f\u00e9e a enchant\u00e9, il devient fadat, le fada occitan qu&rsquo;il est inutile de traduire.<\/p>\n","protected":false},"excerpt":{"rendered":"<p>P\u00e9pieux (Dolmen de las Fadas en occitan) Il est aussi appel\u00e9 &lsquo;Morr\u00e8l de las fadas&lsquo;, de morr\u00e8l (petite \u00e9minence, mamelon) e fadas, f\u00e9es. On le nomme \u00e9galement Palet de Roland (le neveu de Charlemagne y aurait laiss\u00e9 l&#8217;empreinte de sa main). Les f\u00e9es sont tr\u00e8s pr\u00e9sentes dans le l\u00e9gendaire audois, prenant parfois le nom de [&hellip;]<\/p>\n","protected":false},"author":1,"featured_media":0,"comment_status":"closed","ping_status":"closed","sticky":false,"template":"","format":"standard","meta":{"footnotes":""},"categories":[17],"tags":[],"class_list":["post-191","post","type-post","status-publish","format-standard","hentry","category-lieux_dits"],"_links":{"self":[{"href":"http:\/\/codetik.org\/toponimia\/wp-json\/wp\/v2\/posts\/191","targetHints":{"allow":["GET"]}}],"collection":[{"href":"http:\/\/codetik.org\/toponimia\/wp-json\/wp\/v2\/posts"}],"about":[{"href":"http:\/\/codetik.org\/toponimia\/wp-json\/wp\/v2\/types\/post"}],"author":[{"embeddable":true,"href":"http:\/\/codetik.org\/toponimia\/wp-json\/wp\/v2\/users\/1"}],"replies":[{"embeddable":true,"href":"http:\/\/codetik.org\/toponimia\/wp-json\/wp\/v2\/comments?post=191"}],"version-history":[{"count":3,"href":"http:\/\/codetik.org\/toponimia\/wp-json\/wp\/v2\/posts\/191\/revisions"}],"predecessor-version":[{"id":331,"href":"http:\/\/codetik.org\/toponimia\/wp-json\/wp\/v2\/posts\/191\/revisions\/331"}],"wp:attachment":[{"href":"http:\/\/codetik.org\/toponimia\/wp-json\/wp\/v2\/media?parent=191"}],"wp:term":[{"taxonomy":"category","embeddable":true,"href":"http:\/\/codetik.org\/toponimia\/wp-json\/wp\/v2\/categories?post=191"},{"taxonomy":"post_tag","embeddable":true,"href":"http:\/\/codetik.org\/toponimia\/wp-json\/wp\/v2\/tags?post=191"}],"curies":[{"name":"wp","href":"https:\/\/api.w.org\/{rel}","templated":true}]}}